{"id":4751,"date":"2019-10-14T22:30:10","date_gmt":"2019-10-14T20:30:10","guid":{"rendered":"https:\/\/www.ascannesvolley.com\/supporters\/?p=4751"},"modified":"2020-01-22T20:54:42","modified_gmt":"2020-01-22T19:54:42","slug":"1-ere-journee-lam-match-du-12-10-2019-cannes-toulouse","status":"publish","type":"post","link":"https:\/\/www.ascannesvolley.com\/supporters\/2019\/10\/14\/1-ere-journee-lam-match-du-12-10-2019-cannes-toulouse\/","title":{"rendered":"1 \u00e8re journ\u00e9e LAM &#8211; Match du 12-10-2019 Cannes \/ Toulouse"},"content":{"rendered":"<div class=\"bt_bb_wrapper\"><p>F\u00e9licitations \u00e0 nos joueurs et staff ainsi qu&rsquo; \u00e0 la Direction du club pour ce r\u00e9sultat qui commence tr\u00e8s bien la saison et dont les joueurs ont su nous enthousiasmer et de bonne augure pour la suite de la saison. Cette formule match \/ gala a fait ses preuves et a su attirer un tr\u00e8s nombreux public voire tr\u00e8s jeunes tous et toutes chauff\u00e9s par un super animateur pour un super spectacle dont le prochain est annonc\u00e9 pour le 14\/12 lors du match Cannes \/ Nice.<\/p>\n<p>Tout au long de la saison, vous pourrez retrouver ici notre actualit\u00e9 ainsi que les photos et vid\u00e9os des matchs et autres \u00e9v\u00e9nements auxquels participent les RED FROGS supporters de l&rsquo; AS CANNES VB.<\/p>\n<p>&nbsp;<\/p>\n<p><img loading=\"lazy\" class=\"aligncenter size-medium wp-image-4757\" src=\"https:\/\/www.ascannesvolley.com\/supporters\/wp-content\/uploads\/2019\/10\/IMG_0426-Copier-640x427.jpg\" alt=\"\" width=\"640\" height=\"427\" srcset=\"https:\/\/www.ascannesvolley.com\/supporters\/wp-content\/uploads\/2019\/10\/IMG_0426-Copier-640x427.jpg 640w, https:\/\/www.ascannesvolley.com\/supporters\/wp-content\/uploads\/2019\/10\/IMG_0426-Copier-768x512.jpg 768w, https:\/\/www.ascannesvolley.com\/supporters\/wp-content\/uploads\/2019\/10\/IMG_0426-Copier-1280x853.jpg 1280w, https:\/\/www.ascannesvolley.com\/supporters\/wp-content\/uploads\/2019\/10\/IMG_0426-Copier-320x213.jpg 320w, https:\/\/www.ascannesvolley.com\/supporters\/wp-content\/uploads\/2019\/10\/IMG_0426-Copier-600x400.jpg 600w, https:\/\/www.ascannesvolley.com\/supporters\/wp-content\/uploads\/2019\/10\/IMG_0426-Copier.jpg 1620w\" sizes=\"(max-width: 640px) 100vw, 640px\" \/><\/p>\n<p>Pour voir les photos et vid\u00e9os, cliquez sur les liens ci-dessous :<\/p>\n<p><a href=\"https:\/\/photos.app.goo.gl\/cfGeZG2qj9gnnTH3A\">https:\/\/photos.app.goo.gl\/cfGeZG2qj9gnnTH3A <\/a>\u00a0pour la vid\u00e9o du\u00a0 ballon d\u00e9dicac\u00e9 par GIMS<\/p>\n<p><a href=\"https:\/\/photos.app.goo.gl\/sBw2prR2FKGveo8p8\">https:\/\/photos.app.goo.gl\/sBw2prR2FKGveo8p8 <\/a>\u00a0pour les photos du match<\/p>\n<p><a href=\"https:\/\/photos.app.goo.gl\/aj2UaEY7x8gBxYMF8\">https:\/\/photos.app.goo.gl\/aj2UaEY7x8gBxYMF8 <\/a>\u00a0 pour les photos de la soir\u00e9e de gala<\/p>\n<p><a href=\"https:\/\/photos.app.goo.gl\/cFCEzFzu99uGWvDx8\">https:\/\/photos.app.goo.gl\/cFCEzFzu99uGWvDx8<\/a> pour les vid\u00e9os de la soir\u00e9e de gala<\/p>\n<p>Rendez vous pour le prochain match du 18\/10 \u00e0 20h\u00a0 avec Cannes \/ Tours !!!<\/p>\n<p>ALLEZ CANNES !!!<\/p>\n<p>&nbsp;<\/p>\n<\/div>","protected":false},"excerpt":{"rendered":"<p>F\u00e9licitations \u00e0 nos joueurs et staff ainsi qu&rsquo; \u00e0 la Direction du club pour ce r\u00e9sultat qui commence tr\u00e8s bien la saison et dont les joueurs ont su nous enthousiasmer et de bonne augure pour la suite de la saison. Cette formule match \/ gala a fait ses preuves et a su attirer un tr\u00e8s&#8230;<\/p>\n","protected":false},"author":14,"featured_media":4819,"comment_status":"closed","ping_status":"closed","sticky":false,"template":"","format":"standard","meta":[],"categories":[51,58],"tags":[],"yoast_head":"<!-- This site is optimized with the Yoast SEO plugin v14.9 - https:\/\/yoast.com\/wordpress\/plugins\/seo\/ -->\n<title>1 \u00e8re journ\u00e9e LAM - Match du 12-10-2019 Cannes \/ Toulouse - Dragons Cannes<\/title>\n<meta name=\"robots\" content=\"index, follow, max-snippet:-1, max-image-preview:large, max-video-preview:-1\" \/>\n<link rel=\"canonical\" href=\"https:\/\/www.ascannesvolley.com\/supporters\/2019\/10\/14\/1-ere-journee-lam-match-du-12-10-2019-cannes-toulouse\/\" \/>\n<meta property=\"og:locale\" content=\"fr_FR\" \/>\n<meta property=\"og:type\" content=\"article\" \/>\n<meta property=\"og:title\" content=\"1 \u00e8re journ\u00e9e LAM - Match du 12-10-2019 Cannes \/ Toulouse - Dragons Cannes\" \/>\n<meta property=\"og:description\" content=\"F\u00e9licitations \u00e0 nos joueurs et staff ainsi qu&rsquo; \u00e0 la Direction du club pour ce r\u00e9sultat qui commence tr\u00e8s bien la saison et dont les joueurs ont su nous enthousiasmer et de bonne augure pour la suite de la saison. Cette formule match \/ gala a fait ses preuves et a su attirer un tr\u00e8s...\" \/>\n<meta property=\"og:url\" content=\"https:\/\/www.ascannesvolley.com\/supporters\/2019\/10\/14\/1-ere-journee-lam-match-du-12-10-2019-cannes-toulouse\/\" \/>\n<meta property=\"og:site_name\" content=\"Dragons Cannes\" \/>\n<meta property=\"article:published_time\" content=\"2019-10-14T20:30:10+00:00\" \/>\n<meta property=\"article:modified_time\" content=\"2020-01-22T19:54:42+00:00\" \/>\n<meta property=\"og:image\" content=\"https:\/\/www.ascannesvolley.com\/supporters\/wp-content\/uploads\/2019\/10\/image0022.jpg\" \/>\n\t<meta property=\"og:image:width\" content=\"348\" \/>\n\t<meta property=\"og:image:height\" content=\"492\" \/>\n<meta name=\"twitter:card\" content=\"summary_large_image\" \/>\n<script type=\"application\/ld+json\" class=\"yoast-schema-graph\">{\"@context\":\"https:\/\/schema.org\",\"@graph\":[{\"@type\":\"WebSite\",\"@id\":\"https:\/\/www.ascannesvolley.com\/supporters\/#website\",\"url\":\"https:\/\/www.ascannesvolley.com\/supporters\/\",\"name\":\"Dragons Cannes\",\"description\":\"Blog des supporters\",\"potentialAction\":[{\"@type\":\"SearchAction\",\"target\":\"https:\/\/www.ascannesvolley.com\/supporters\/?s={search_term_string}\",\"query-input\":\"required name=search_term_string\"}],\"inLanguage\":\"fr-FR\"},{\"@type\":\"ImageObject\",\"@id\":\"https:\/\/www.ascannesvolley.com\/supporters\/2019\/10\/14\/1-ere-journee-lam-match-du-12-10-2019-cannes-toulouse\/#primaryimage\",\"inLanguage\":\"fr-FR\",\"url\":\"https:\/\/www.ascannesvolley.com\/supporters\/wp-content\/uploads\/2019\/10\/image0022.jpg\",\"width\":348,\"height\":492},{\"@type\":\"WebPage\",\"@id\":\"https:\/\/www.ascannesvolley.com\/supporters\/2019\/10\/14\/1-ere-journee-lam-match-du-12-10-2019-cannes-toulouse\/#webpage\",\"url\":\"https:\/\/www.ascannesvolley.com\/supporters\/2019\/10\/14\/1-ere-journee-lam-match-du-12-10-2019-cannes-toulouse\/\",\"name\":\"1 \\u00e8re journ\\u00e9e LAM - Match du 12-10-2019 Cannes \/ Toulouse - Dragons Cannes\",\"isPartOf\":{\"@id\":\"https:\/\/www.ascannesvolley.com\/supporters\/#website\"},\"primaryImageOfPage\":{\"@id\":\"https:\/\/www.ascannesvolley.com\/supporters\/2019\/10\/14\/1-ere-journee-lam-match-du-12-10-2019-cannes-toulouse\/#primaryimage\"},\"datePublished\":\"2019-10-14T20:30:10+00:00\",\"dateModified\":\"2020-01-22T19:54:42+00:00\",\"author\":{\"@id\":\"https:\/\/www.ascannesvolley.com\/supporters\/#\/schema\/person\/1977d63c49e427f18017d04e8745be46\"},\"inLanguage\":\"fr-FR\",\"potentialAction\":[{\"@type\":\"ReadAction\",\"target\":[\"https:\/\/www.ascannesvolley.com\/supporters\/2019\/10\/14\/1-ere-journee-lam-match-du-12-10-2019-cannes-toulouse\/\"]}]},{\"@type\":\"Person\",\"@id\":\"https:\/\/www.ascannesvolley.com\/supporters\/#\/schema\/person\/1977d63c49e427f18017d04e8745be46\",\"name\":\"supporters\",\"image\":{\"@type\":\"ImageObject\",\"@id\":\"https:\/\/www.ascannesvolley.com\/supporters\/#personlogo\",\"inLanguage\":\"fr-FR\",\"url\":\"https:\/\/secure.gravatar.com\/avatar\/0196d61fd690f0db75dc5cbcf71bb9b4?s=96&d=mm&r=g\",\"caption\":\"supporters\"}}]}<\/script>\n<!-- \/ Yoast SEO plugin. -->","_links":{"self":[{"href":"https:\/\/www.ascannesvolley.com\/supporters\/wp-json\/wp\/v2\/posts\/4751"}],"collection":[{"href":"https:\/\/www.ascannesvolley.com\/supporters\/wp-json\/wp\/v2\/posts"}],"about":[{"href":"https:\/\/www.ascannesvolley.com\/supporters\/wp-json\/wp\/v2\/types\/post"}],"author":[{"embeddable":true,"href":"https:\/\/www.ascannesvolley.com\/supporters\/wp-json\/wp\/v2\/users\/14"}],"replies":[{"embeddable":true,"href":"https:\/\/www.ascannesvolley.com\/supporters\/wp-json\/wp\/v2\/comments?post=4751"}],"version-history":[{"count":8,"href":"https:\/\/www.ascannesvolley.com\/supporters\/wp-json\/wp\/v2\/posts\/4751\/revisions"}],"predecessor-version":[{"id":4821,"href":"https:\/\/www.ascannesvolley.com\/supporters\/wp-json\/wp\/v2\/posts\/4751\/revisions\/4821"}],"wp:featuredmedia":[{"embeddable":true,"href":"https:\/\/www.ascannesvolley.com\/supporters\/wp-json\/wp\/v2\/media\/4819"}],"wp:attachment":[{"href":"https:\/\/www.ascannesvolley.com\/supporters\/wp-json\/wp\/v2\/media?parent=4751"}],"wp:term":[{"taxonomy":"category","embeddable":true,"href":"https:\/\/www.ascannesvolley.com\/supporters\/wp-json\/wp\/v2\/categories?post=4751"},{"taxonomy":"post_tag","embeddable":true,"href":"https:\/\/www.ascannesvolley.com\/supporters\/wp-json\/wp\/v2\/tags?post=4751"}],"curies":[{"name":"wp","href":"https:\/\/api.w.org\/{rel}","templated":true}]}}