{"id":4771,"date":"2019-10-28T20:43:12","date_gmt":"2019-10-28T19:43:12","guid":{"rendered":"https:\/\/www.ascannesvolley.com\/supporters\/?p=4771"},"modified":"2020-01-22T21:00:35","modified_gmt":"2020-01-22T20:00:35","slug":"actualites-du-28-10-2019","status":"publish","type":"post","link":"https:\/\/www.ascannesvolley.com\/supporters\/2019\/10\/28\/actualites-du-28-10-2019\/","title":{"rendered":"Actualit\u00e9s du 28\/10\/2019"},"content":{"rendered":"<div class=\"bt_bb_wrapper\"><ul>\n<li><strong>SETE et MATCHS<\/strong><\/li>\n<\/ul>\n<p>A l&rsquo; occasion du match Cannes \/ S\u00e8te du 01\/11\/2019 \u00e0 19h30, nous retrouverons nos amis supporters de l&rsquo; Arago autour d&rsquo; un d\u00e9jeuner pr\u00e9vu \u00e0 12h30 au restaurant LE SIECLE D OR dans la ZI des Tourrades \u00e0 Mandelieu.<br \/>\nLe menu en buffet \u00e0 volont\u00e9 et ap\u00e9ritif offert est \u00e0 17,80\u20ac (autres boissons \u00e0 r\u00e9gler individuellement). Inscriptions aupr\u00e8s de FRED au 0611560788<\/p>\n<p>Pour le match retour \u00e0 S\u00e8te le 17\/01 nous ferons un d\u00e9placement en co voiturage pour le week-end donc avec h\u00f4tel et restaurant. Inscriptions aupr\u00e8s de FRED et dans le cas o\u00f9 certains (es) pr\u00e9f\u00e9reraient un aller \/ retour direct cela d\u00e9pendra des disponibilit\u00e9s voire de l&rsquo; ASC VB pour un d\u00e9placement direct en car. Inscriptions d\u00e9s \u00e0 pr\u00e9sent aupr\u00e8s de FRED.<\/p>\n<ul>\n<li><strong>COUPE DE FRANCE 2020<\/strong> &#8211; <a href=\"https:\/\/www.ffvbbeach.org\/ffvbapp\/resu\/seniors\/2019-2020\/index_cnm.htm\">https:\/\/www.ffvbbeach.org\/ffvbapp\/resu\/seniors\/2019-2020\/index_cnm.htm<\/a><\/li>\n<\/ul>\n<p>22\/10 notre \u00e9quipe a franchi le premier tour en se d\u00e9pla\u00e7ant et battant Nancy 3\/0<br \/>\n29\/10 les 1\/8 \u00e8me de finale \u00e0 Rennes.<br \/>\n05\/11 les 1\/4 de finale &#8230;&#8230; avec un \u00e9ventuel d\u00e9placement pour nous supporters !!!<\/p>\n<ul>\n<li><strong>CHAMPIONNAT <\/strong><\/li>\n<\/ul>\n<p>MATCH CANNES 3 \/ 2 TOURS du 18\/10\/2019<\/p>\n<p>Photos du match en cliquant sur le lien<\/p>\n<p><a href=\"https:\/\/www.facebook.com\/anyaph.de\/photos\/ms.c.eJxFU8mRRUEIymjKfck~;samnX~;pKIQJti4mze1kGkRv9yQJNJpFC~;AOCdRgMQOxjcOSNVFGrVp5GEM~_IKICakXqALxAHKK8oNHRHHCOmA1jBh8xahYavKIASMYno6GPUWqezXurDcGhsfEb88hiG~_gGdXziRxNr~_AItjRKwPOdGmcepvS64PPo3WaYwbaWv74F8fX2GfhpHBaX4M6gOS9GOkn48OGdGQsx7D8H6MeTlrAhAz4ldylw~_gV2H3ZyyKbiRDxoccI32NqaHk3pIFI7wMeqLjAydVSVOyI1zGx4iCRk7rangX82GwQiNnLcOH7zm8LEyTpRjAxBeqa51GI8sO4H2ot6VqREnBmIPJfAcza6v7GLJPiYKyJn7kxc~;es2wczIart5Z2xHFB~_xv8jj8o1ofAB22F9wxBMhXSnUPQ~;obEnRbr~_Ej0YWv9dcobPxHftjGzfzMt4h0~-.bps.a.2425152890934169\/2425156220933836\/?type=3&amp;theater\">https:\/\/www.facebook.com\/anyaph.de\/photos\/<\/a><\/p>\n<p>F\u00e9licitations \u00e0 nos joueurs et staff pour ce super r\u00e9sultat ainsi qu&rsquo; \u00e0 A. NYA pour ses <strong>photos du match<\/strong> que vous pouvez \u00e9galement retrouver sur le site de l&rsquo;\u00a0 agence <strong><a href=\"http:\/\/www.randomvolley.com\">RANDOM VOLLEY<\/a> <\/strong>avec ses nombreux reportages photos du volley fran\u00e7ais, italien et europ\u00e9en.<\/p>\n<p>MATCHS DE GALAS \u00e0 venir :<br \/>\n15\/11 Cannes \/ Paris<br \/>\n14\/12 Cannes \/ Nice<br \/>\nxx \/ xx<\/p>\n<p>de par la qualit\u00e9 des adversaires et les spectacles qui suivront cela sera chaud SHOW !!!<\/p>\n<ul>\n<li><strong>APRES MATCHS<\/strong><\/li>\n<\/ul>\n<p>Nous sommes invit\u00e9s \u00e0 un pot \/ buffet apr\u00e8s chaque match dans la salle \u00e0 c\u00f4t\u00e9 de celle VIP et ainsi retrouver nos joueurs pour un grand moment de convivialit\u00e9. Remerciements \u00e0 l&rsquo; AS CANNES VB !!!<\/p>\n<ul>\n<li><strong>PHOTOS \/ VIDEOS<\/strong><\/li>\n<\/ul>\n<p>Nous vous rappelons qu&rsquo; en plus des photos et vid\u00e9os de Pierre, les v\u00f4tres sont \u00e9galement les bienvenues !!!<\/p>\n<p>N&rsquo; h\u00e9sitez pas \u00e0 nous contacter !!!<\/p>\n<\/div>","protected":false},"excerpt":{"rendered":"<p>SETE et MATCHS A l&rsquo; occasion du match Cannes \/ S\u00e8te du 01\/11\/2019 \u00e0 19h30, nous retrouverons nos amis supporters de l&rsquo; Arago autour d&rsquo; un d\u00e9jeuner pr\u00e9vu \u00e0 12h30 au restaurant LE SIECLE D OR dans la ZI des Tourrades \u00e0 Mandelieu. Le menu en buffet \u00e0 volont\u00e9 et ap\u00e9ritif offert est \u00e0 17,80\u20ac&#8230;<\/p>\n","protected":false},"author":14,"featured_media":4757,"comment_status":"closed","ping_status":"closed","sticky":false,"template":"","format":"standard","meta":[],"categories":[51,58],"tags":[],"yoast_head":"<!-- This site is optimized with the Yoast SEO plugin v14.9 - https:\/\/yoast.com\/wordpress\/plugins\/seo\/ -->\n<title>Actualit\u00e9s du 28\/10\/2019 - Dragons Cannes<\/title>\n<meta name=\"robots\" content=\"index, follow, max-snippet:-1, max-image-preview:large, max-video-preview:-1\" \/>\n<link rel=\"canonical\" href=\"https:\/\/www.ascannesvolley.com\/supporters\/2019\/10\/28\/actualites-du-28-10-2019\/\" \/>\n<meta property=\"og:locale\" content=\"fr_FR\" \/>\n<meta property=\"og:type\" content=\"article\" \/>\n<meta property=\"og:title\" content=\"Actualit\u00e9s du 28\/10\/2019 - Dragons Cannes\" \/>\n<meta property=\"og:description\" content=\"SETE et MATCHS A l&rsquo; occasion du match Cannes \/ S\u00e8te du 01\/11\/2019 \u00e0 19h30, nous retrouverons nos amis supporters de l&rsquo; Arago autour d&rsquo; un d\u00e9jeuner pr\u00e9vu \u00e0 12h30 au restaurant LE SIECLE D OR dans la ZI des Tourrades \u00e0 Mandelieu. Le menu en buffet \u00e0 volont\u00e9 et ap\u00e9ritif offert est \u00e0 17,80\u20ac...\" \/>\n<meta property=\"og:url\" content=\"https:\/\/www.ascannesvolley.com\/supporters\/2019\/10\/28\/actualites-du-28-10-2019\/\" \/>\n<meta property=\"og:site_name\" content=\"Dragons Cannes\" \/>\n<meta property=\"article:published_time\" content=\"2019-10-28T19:43:12+00:00\" \/>\n<meta property=\"article:modified_time\" content=\"2020-01-22T20:00:35+00:00\" \/>\n<meta property=\"og:image\" content=\"https:\/\/www.ascannesvolley.com\/supporters\/wp-content\/uploads\/2019\/10\/IMG_0426-Copier.jpg\" \/>\n\t<meta property=\"og:image:width\" content=\"1620\" \/>\n\t<meta property=\"og:image:height\" content=\"1080\" \/>\n<meta name=\"twitter:card\" content=\"summary_large_image\" \/>\n<script type=\"application\/ld+json\" class=\"yoast-schema-graph\">{\"@context\":\"https:\/\/schema.org\",\"@graph\":[{\"@type\":\"WebSite\",\"@id\":\"https:\/\/www.ascannesvolley.com\/supporters\/#website\",\"url\":\"https:\/\/www.ascannesvolley.com\/supporters\/\",\"name\":\"Dragons Cannes\",\"description\":\"Blog des supporters\",\"potentialAction\":[{\"@type\":\"SearchAction\",\"target\":\"https:\/\/www.ascannesvolley.com\/supporters\/?s={search_term_string}\",\"query-input\":\"required name=search_term_string\"}],\"inLanguage\":\"fr-FR\"},{\"@type\":\"ImageObject\",\"@id\":\"https:\/\/www.ascannesvolley.com\/supporters\/2019\/10\/28\/actualites-du-28-10-2019\/#primaryimage\",\"inLanguage\":\"fr-FR\",\"url\":\"https:\/\/www.ascannesvolley.com\/supporters\/wp-content\/uploads\/2019\/10\/IMG_0426-Copier.jpg\",\"width\":1620,\"height\":1080},{\"@type\":\"WebPage\",\"@id\":\"https:\/\/www.ascannesvolley.com\/supporters\/2019\/10\/28\/actualites-du-28-10-2019\/#webpage\",\"url\":\"https:\/\/www.ascannesvolley.com\/supporters\/2019\/10\/28\/actualites-du-28-10-2019\/\",\"name\":\"Actualit\\u00e9s du 28\/10\/2019 - Dragons Cannes\",\"isPartOf\":{\"@id\":\"https:\/\/www.ascannesvolley.com\/supporters\/#website\"},\"primaryImageOfPage\":{\"@id\":\"https:\/\/www.ascannesvolley.com\/supporters\/2019\/10\/28\/actualites-du-28-10-2019\/#primaryimage\"},\"datePublished\":\"2019-10-28T19:43:12+00:00\",\"dateModified\":\"2020-01-22T20:00:35+00:00\",\"author\":{\"@id\":\"https:\/\/www.ascannesvolley.com\/supporters\/#\/schema\/person\/1977d63c49e427f18017d04e8745be46\"},\"inLanguage\":\"fr-FR\",\"potentialAction\":[{\"@type\":\"ReadAction\",\"target\":[\"https:\/\/www.ascannesvolley.com\/supporters\/2019\/10\/28\/actualites-du-28-10-2019\/\"]}]},{\"@type\":\"Person\",\"@id\":\"https:\/\/www.ascannesvolley.com\/supporters\/#\/schema\/person\/1977d63c49e427f18017d04e8745be46\",\"name\":\"supporters\",\"image\":{\"@type\":\"ImageObject\",\"@id\":\"https:\/\/www.ascannesvolley.com\/supporters\/#personlogo\",\"inLanguage\":\"fr-FR\",\"url\":\"https:\/\/secure.gravatar.com\/avatar\/0196d61fd690f0db75dc5cbcf71bb9b4?s=96&d=mm&r=g\",\"caption\":\"supporters\"}}]}<\/script>\n<!-- \/ Yoast SEO plugin. -->","_links":{"self":[{"href":"https:\/\/www.ascannesvolley.com\/supporters\/wp-json\/wp\/v2\/posts\/4771"}],"collection":[{"href":"https:\/\/www.ascannesvolley.com\/supporters\/wp-json\/wp\/v2\/posts"}],"about":[{"href":"https:\/\/www.ascannesvolley.com\/supporters\/wp-json\/wp\/v2\/types\/post"}],"author":[{"embeddable":true,"href":"https:\/\/www.ascannesvolley.com\/supporters\/wp-json\/wp\/v2\/users\/14"}],"replies":[{"embeddable":true,"href":"https:\/\/www.ascannesvolley.com\/supporters\/wp-json\/wp\/v2\/comments?post=4771"}],"version-history":[{"count":8,"href":"https:\/\/www.ascannesvolley.com\/supporters\/wp-json\/wp\/v2\/posts\/4771\/revisions"}],"predecessor-version":[{"id":4825,"href":"https:\/\/www.ascannesvolley.com\/supporters\/wp-json\/wp\/v2\/posts\/4771\/revisions\/4825"}],"wp:featuredmedia":[{"embeddable":true,"href":"https:\/\/www.ascannesvolley.com\/supporters\/wp-json\/wp\/v2\/media\/4757"}],"wp:attachment":[{"href":"https:\/\/www.ascannesvolley.com\/supporters\/wp-json\/wp\/v2\/media?parent=4771"}],"wp:term":[{"taxonomy":"category","embeddable":true,"href":"https:\/\/www.ascannesvolley.com\/supporters\/wp-json\/wp\/v2\/categories?post=4771"},{"taxonomy":"post_tag","embeddable":true,"href":"https:\/\/www.ascannesvolley.com\/supporters\/wp-json\/wp\/v2\/tags?post=4771"}],"curies":[{"name":"wp","href":"https:\/\/api.w.org\/{rel}","templated":true}]}}