{"id":4866,"date":"2020-02-11T16:11:56","date_gmt":"2020-02-11T15:11:56","guid":{"rendered":"https:\/\/www.ascannesvolley.com\/supporters\/?p=4866"},"modified":"2020-02-11T16:11:56","modified_gmt":"2020-02-11T15:11:56","slug":"actualites-du-10-02-2020","status":"publish","type":"post","link":"https:\/\/www.ascannesvolley.com\/supporters\/2020\/02\/11\/actualites-du-10-02-2020\/","title":{"rendered":"Actualit\u00e9s du 10\/02\/2020"},"content":{"rendered":"<div class=\"bt_bb_wrapper\"><p><img loading=\"lazy\" class=\"aligncenter size-full wp-image-4867\" src=\"https:\/\/www.ascannesvolley.com\/supporters\/wp-content\/uploads\/2020\/02\/ascannesajaccio.jpg\" alt=\"\" width=\"584\" height=\"204\" srcset=\"https:\/\/www.ascannesvolley.com\/supporters\/wp-content\/uploads\/2020\/02\/ascannesajaccio.jpg 584w, https:\/\/www.ascannesvolley.com\/supporters\/wp-content\/uploads\/2020\/02\/ascannesajaccio-320x112.jpg 320w\" sizes=\"(max-width: 584px) 100vw, 584px\" \/><\/p>\n<p>F\u00e9licitations \u00e0 nos joueurs pour ce match qui \u00e0 enthousiasm\u00e9 tout le Palais des Victoires !!!<\/p>\n<p>En l&rsquo;absence de photos prises par nos supporters et en particulier de Pierre atteint d&rsquo;une arthrose du genou pour une longue dur\u00e9e, cliquez sur le lien <a href=\"https:\/\/volleytimes.com\/2020\/02\/08\/france-photogallery-of-cannes-ajaccio\/\">https:\/\/volleytimes.com\/2020\/02\/08\/france-photogallery-of-cannes-ajaccio\/<\/a> pour retrouver celles de notre amie\u00a0 Anastasie.<\/p>\n<p>Remerciements \u00e0 Anastasie et n&rsquo; h\u00e9sitez pas \u00e0 lui t\u00e9moigner votre sympathie lors des matchs !!!<\/p>\n<p>Prochain match :<\/p>\n<p>. samedi 22\/02 \u00e0 20H30 avec Cannes \/ Tourcoing<\/p>\n<p>&nbsp;<\/p>\n<p>ALLEZ CANNES !!!<\/p>\n<p>&nbsp;<\/p>\n<p>&nbsp;<\/p>\n<p>&nbsp;<\/p>\n<\/div>","protected":false},"excerpt":{"rendered":"<p>F\u00e9licitations \u00e0 nos joueurs pour ce match qui \u00e0 enthousiasm\u00e9 tout le Palais des Victoires !!! En l&rsquo;absence de photos prises par nos supporters et en particulier de Pierre atteint d&rsquo;une arthrose du genou pour une longue dur\u00e9e, cliquez sur le lien https:\/\/volleytimes.com\/2020\/02\/08\/france-photogallery-of-cannes-ajaccio\/ pour retrouver celles de notre amie\u00a0 Anastasie. Remerciements \u00e0 Anastasie et n&rsquo;&#8230;<\/p>\n","protected":false},"author":14,"featured_media":4867,"comment_status":"closed","ping_status":"closed","sticky":false,"template":"","format":"standard","meta":[],"categories":[51,58],"tags":[],"yoast_head":"<!-- This site is optimized with the Yoast SEO plugin v14.9 - https:\/\/yoast.com\/wordpress\/plugins\/seo\/ -->\n<title>Actualit\u00e9s du 10\/02\/2020 - Dragons Cannes<\/title>\n<meta name=\"robots\" content=\"index, follow, max-snippet:-1, max-image-preview:large, max-video-preview:-1\" \/>\n<link rel=\"canonical\" href=\"https:\/\/www.ascannesvolley.com\/supporters\/2020\/02\/11\/actualites-du-10-02-2020\/\" \/>\n<meta property=\"og:locale\" content=\"fr_FR\" \/>\n<meta property=\"og:type\" content=\"article\" \/>\n<meta property=\"og:title\" content=\"Actualit\u00e9s du 10\/02\/2020 - Dragons Cannes\" \/>\n<meta property=\"og:description\" content=\"F\u00e9licitations \u00e0 nos joueurs pour ce match qui \u00e0 enthousiasm\u00e9 tout le Palais des Victoires !!! En l&rsquo;absence de photos prises par nos supporters et en particulier de Pierre atteint d&rsquo;une arthrose du genou pour une longue dur\u00e9e, cliquez sur le lien https:\/\/volleytimes.com\/2020\/02\/08\/france-photogallery-of-cannes-ajaccio\/ pour retrouver celles de notre amie\u00a0 Anastasie. Remerciements \u00e0 Anastasie et n&rsquo;...\" \/>\n<meta property=\"og:url\" content=\"https:\/\/www.ascannesvolley.com\/supporters\/2020\/02\/11\/actualites-du-10-02-2020\/\" \/>\n<meta property=\"og:site_name\" content=\"Dragons Cannes\" \/>\n<meta property=\"article:published_time\" content=\"2020-02-11T15:11:56+00:00\" \/>\n<meta property=\"og:image\" content=\"https:\/\/www.ascannesvolley.com\/supporters\/wp-content\/uploads\/2020\/02\/ascannesajaccio.jpg\" \/>\n\t<meta property=\"og:image:width\" content=\"584\" \/>\n\t<meta property=\"og:image:height\" content=\"204\" \/>\n<meta name=\"twitter:card\" content=\"summary_large_image\" \/>\n<script type=\"application\/ld+json\" class=\"yoast-schema-graph\">{\"@context\":\"https:\/\/schema.org\",\"@graph\":[{\"@type\":\"WebSite\",\"@id\":\"https:\/\/www.ascannesvolley.com\/supporters\/#website\",\"url\":\"https:\/\/www.ascannesvolley.com\/supporters\/\",\"name\":\"Dragons Cannes\",\"description\":\"Blog des supporters\",\"potentialAction\":[{\"@type\":\"SearchAction\",\"target\":\"https:\/\/www.ascannesvolley.com\/supporters\/?s={search_term_string}\",\"query-input\":\"required name=search_term_string\"}],\"inLanguage\":\"fr-FR\"},{\"@type\":\"ImageObject\",\"@id\":\"https:\/\/www.ascannesvolley.com\/supporters\/2020\/02\/11\/actualites-du-10-02-2020\/#primaryimage\",\"inLanguage\":\"fr-FR\",\"url\":\"https:\/\/www.ascannesvolley.com\/supporters\/wp-content\/uploads\/2020\/02\/ascannesajaccio.jpg\",\"width\":584,\"height\":204},{\"@type\":\"WebPage\",\"@id\":\"https:\/\/www.ascannesvolley.com\/supporters\/2020\/02\/11\/actualites-du-10-02-2020\/#webpage\",\"url\":\"https:\/\/www.ascannesvolley.com\/supporters\/2020\/02\/11\/actualites-du-10-02-2020\/\",\"name\":\"Actualit\\u00e9s du 10\/02\/2020 - Dragons Cannes\",\"isPartOf\":{\"@id\":\"https:\/\/www.ascannesvolley.com\/supporters\/#website\"},\"primaryImageOfPage\":{\"@id\":\"https:\/\/www.ascannesvolley.com\/supporters\/2020\/02\/11\/actualites-du-10-02-2020\/#primaryimage\"},\"datePublished\":\"2020-02-11T15:11:56+00:00\",\"dateModified\":\"2020-02-11T15:11:56+00:00\",\"author\":{\"@id\":\"https:\/\/www.ascannesvolley.com\/supporters\/#\/schema\/person\/1977d63c49e427f18017d04e8745be46\"},\"inLanguage\":\"fr-FR\",\"potentialAction\":[{\"@type\":\"ReadAction\",\"target\":[\"https:\/\/www.ascannesvolley.com\/supporters\/2020\/02\/11\/actualites-du-10-02-2020\/\"]}]},{\"@type\":\"Person\",\"@id\":\"https:\/\/www.ascannesvolley.com\/supporters\/#\/schema\/person\/1977d63c49e427f18017d04e8745be46\",\"name\":\"supporters\",\"image\":{\"@type\":\"ImageObject\",\"@id\":\"https:\/\/www.ascannesvolley.com\/supporters\/#personlogo\",\"inLanguage\":\"fr-FR\",\"url\":\"https:\/\/secure.gravatar.com\/avatar\/0196d61fd690f0db75dc5cbcf71bb9b4?s=96&d=mm&r=g\",\"caption\":\"supporters\"}}]}<\/script>\n<!-- \/ Yoast SEO plugin. -->","_links":{"self":[{"href":"https:\/\/www.ascannesvolley.com\/supporters\/wp-json\/wp\/v2\/posts\/4866"}],"collection":[{"href":"https:\/\/www.ascannesvolley.com\/supporters\/wp-json\/wp\/v2\/posts"}],"about":[{"href":"https:\/\/www.ascannesvolley.com\/supporters\/wp-json\/wp\/v2\/types\/post"}],"author":[{"embeddable":true,"href":"https:\/\/www.ascannesvolley.com\/supporters\/wp-json\/wp\/v2\/users\/14"}],"replies":[{"embeddable":true,"href":"https:\/\/www.ascannesvolley.com\/supporters\/wp-json\/wp\/v2\/comments?post=4866"}],"version-history":[{"count":1,"href":"https:\/\/www.ascannesvolley.com\/supporters\/wp-json\/wp\/v2\/posts\/4866\/revisions"}],"predecessor-version":[{"id":4869,"href":"https:\/\/www.ascannesvolley.com\/supporters\/wp-json\/wp\/v2\/posts\/4866\/revisions\/4869"}],"wp:featuredmedia":[{"embeddable":true,"href":"https:\/\/www.ascannesvolley.com\/supporters\/wp-json\/wp\/v2\/media\/4867"}],"wp:attachment":[{"href":"https:\/\/www.ascannesvolley.com\/supporters\/wp-json\/wp\/v2\/media?parent=4866"}],"wp:term":[{"taxonomy":"category","embeddable":true,"href":"https:\/\/www.ascannesvolley.com\/supporters\/wp-json\/wp\/v2\/categories?post=4866"},{"taxonomy":"post_tag","embeddable":true,"href":"https:\/\/www.ascannesvolley.com\/supporters\/wp-json\/wp\/v2\/tags?post=4866"}],"curies":[{"name":"wp","href":"https:\/\/api.w.org\/{rel}","templated":true}]}}